{"id":2143,"date":"2024-10-14T12:48:14","date_gmt":"2024-10-14T10:48:14","guid":{"rendered":"https:\/\/eaa-wsm.pl\/?p=2143"},"modified":"2024-10-14T12:48:15","modified_gmt":"2024-10-14T10:48:15","slug":"rozpoczecie-roku-akademickiego-na-politechnice-rzeszowskiej","status":"publish","type":"post","link":"https:\/\/eaa-wsm.pl\/index.php\/2024\/10\/14\/rozpoczecie-roku-akademickiego-na-politechnice-rzeszowskiej\/","title":{"rendered":"Rozpocz\u0119cie Roku Akademickiego na Politechnice Rzeszowskiej"},"content":{"rendered":"\n<p>Wschodni Sojusz Motoryzacyjny mia\u0142 zaszczyt uczestniczy\u0107 w uroczystej inauguracji Roku Akademickiego 2024\/2025, kt\u00f3ra odby\u0142a si\u0119 4 pa\u017adziernika w budynku (aula V-1). WSM otrzyma\u0142 zaproszenie od prof. Piotra Koszelnika, JM Rektora Politechniki Rzeszowskiej. Warto odnotowa\u0107, \u017ce Uczelnia jest Cz\u0142onkiem Za\u0142o\u017cycielem naszego Klastra. Na uroczysto\u015bci WSM by\u0142 reprezentowany przez Prezesa, Ryszarda Jani\u0119 oraz Animatora Grup ThinkTank, Witolda Pyciora.<\/p>\n\n\n\n<figure class=\"wp-block-image size-large\"><img fetchpriority=\"high\" decoding=\"async\" width=\"1024\" height=\"683\" src=\"https:\/\/eaa-wsm.pl\/wp-content\/uploads\/2024\/10\/prz1-1-1024x683.jpg\" alt=\"\" class=\"wp-image-2146\" srcset=\"https:\/\/eaa-wsm.pl\/wp-content\/uploads\/2024\/10\/prz1-1-1024x683.jpg 1024w, https:\/\/eaa-wsm.pl\/wp-content\/uploads\/2024\/10\/prz1-1-300x200.jpg 300w, https:\/\/eaa-wsm.pl\/wp-content\/uploads\/2024\/10\/prz1-1-768x512.jpg 768w, https:\/\/eaa-wsm.pl\/wp-content\/uploads\/2024\/10\/prz1-1-391x260.jpg 391w, https:\/\/eaa-wsm.pl\/wp-content\/uploads\/2024\/10\/prz1-1-600x400.jpg 600w, https:\/\/eaa-wsm.pl\/wp-content\/uploads\/2024\/10\/prz1-1-750x500.jpg 750w, https:\/\/eaa-wsm.pl\/wp-content\/uploads\/2024\/10\/prz1-1.jpg 1200w\" sizes=\"(max-width: 1024px) 100vw, 1024px\" \/><figcaption class=\"wp-element-caption\">\u017ar\u00f3d\u0142o: <a href=\"https:\/\/rzeszow.uw.gov.pl\/aktualnosci\/74-inauguracja-roku-akademickiego-na-politechnice-rzeszowskiej\">https:\/\/rzeszow.uw.gov.pl\/aktualnosci\/74-inauguracja-roku-akademickiego-na-politechnice-rzeszowskiej<\/a><\/figcaption><\/figure>\n","protected":false},"excerpt":{"rendered":"<p>Wschodni Sojusz Motoryzacyjny mia\u0142 zaszczyt uczestniczy\u0107 w uroczystej inauguracji Roku Akademickiego 2024\/2025, kt\u00f3ra odby\u0142a si\u0119 4 pa\u017adziernika w budynku (aula V-1). WSM otrzyma\u0142 zaproszenie od prof. Piotra Koszelnika, JM Rektora Politechniki Rzeszowskiej. Warto odnotowa\u0107, \u017ce Uczelnia jest Cz\u0142onkiem Za\u0142o\u017cycielem naszego Klastra. Na uroczysto\u015bci WSM by\u0142 reprezentowany przez Prezesa, Ryszarda Jani\u0119 oraz Animatora Grup ThinkTank, Witolda <a href=\"https:\/\/eaa-wsm.pl\/index.php\/2024\/10\/14\/rozpoczecie-roku-akademickiego-na-politechnice-rzeszowskiej\/\" rel=\"nofollow\"><span class=\"sr-only\">Read more about Rozpocz\u0119cie Roku Akademickiego na Politechnice Rzeszowskiej<\/span>[&hellip;]<\/a><\/p>\n","protected":false},"author":2,"featured_media":2144,"comment_status":"closed","ping_status":"open","sticky":false,"template":"","format":"standard","meta":{"footnotes":""},"categories":[17],"tags":[],"class_list":["post-2143","post","type-post","status-publish","format-standard","has-post-thumbnail","hentry","category-aktualnosci"],"views":609,"jetpack_featured_media_url":"https:\/\/eaa-wsm.pl\/wp-content\/uploads\/2024\/10\/PRZ.png","_links":{"self":[{"href":"https:\/\/eaa-wsm.pl\/index.php\/wp-json\/wp\/v2\/posts\/2143","targetHints":{"allow":["GET"]}}],"collection":[{"href":"https:\/\/eaa-wsm.pl\/index.php\/wp-json\/wp\/v2\/posts"}],"about":[{"href":"https:\/\/eaa-wsm.pl\/index.php\/wp-json\/wp\/v2\/types\/post"}],"author":[{"embeddable":true,"href":"https:\/\/eaa-wsm.pl\/index.php\/wp-json\/wp\/v2\/users\/2"}],"replies":[{"embeddable":true,"href":"https:\/\/eaa-wsm.pl\/index.php\/wp-json\/wp\/v2\/comments?post=2143"}],"version-history":[{"count":1,"href":"https:\/\/eaa-wsm.pl\/index.php\/wp-json\/wp\/v2\/posts\/2143\/revisions"}],"predecessor-version":[{"id":2147,"href":"https:\/\/eaa-wsm.pl\/index.php\/wp-json\/wp\/v2\/posts\/2143\/revisions\/2147"}],"wp:featuredmedia":[{"embeddable":true,"href":"https:\/\/eaa-wsm.pl\/index.php\/wp-json\/wp\/v2\/media\/2144"}],"wp:attachment":[{"href":"https:\/\/eaa-wsm.pl\/index.php\/wp-json\/wp\/v2\/media?parent=2143"}],"wp:term":[{"taxonomy":"category","embeddable":true,"href":"https:\/\/eaa-wsm.pl\/index.php\/wp-json\/wp\/v2\/categories?post=2143"},{"taxonomy":"post_tag","embeddable":true,"href":"https:\/\/eaa-wsm.pl\/index.php\/wp-json\/wp\/v2\/tags?post=2143"}],"curies":[{"name":"wp","href":"https:\/\/api.w.org\/{rel}","templated":true}]}}