{"id":3362,"date":"2026-04-29T09:26:28","date_gmt":"2026-04-29T07:26:28","guid":{"rendered":"https:\/\/eaa-wsm.pl\/?p=3362"},"modified":"2026-04-29T09:34:59","modified_gmt":"2026-04-29T07:34:59","slug":"troska-o-poziom-szkolnictwa-zawodowego-tematem-cyklu-konferencji-organizowanych-przez-wojewodzki-urzad-pracy-w-rzeszowie","status":"publish","type":"post","link":"https:\/\/eaa-wsm.pl\/index.php\/2026\/04\/29\/troska-o-poziom-szkolnictwa-zawodowego-tematem-cyklu-konferencji-organizowanych-przez-wojewodzki-urzad-pracy-w-rzeszowie\/","title":{"rendered":"Troska o poziom szkolnictwa zawodowego tematem cyklu konferencji organizowanych przez Wojew\u00f3dzki Urz\u0105d Pracy w Rzeszowie"},"content":{"rendered":"\n<p>Budowa skutecznego systemu koordynacji i monitorowania regionalnych dzia\u0142a\u0144 na rzecz kszta\u0142cenia zawodowego, szkolnictwa wy\u017cszego oraz uczenia si\u0119 przez ca\u0142e \u017cycie by\u0142a g\u0142\u00f3wnym tematem cyklu konferencji zorganizowanych w kwietniu przez Wojew\u00f3dzki Urz\u0105d Pracy w Rzeszowie.<\/p>\n\n\n\n<p>Do wsp\u00f3\u0142tworzenia wydarze\u0144 zaproszono lokalne samorz\u0105dy oraz organizacje otoczenia biznesu, adekwatnie do miejsca organizacji spotka\u0144 \u2013 w Tarnobrzeg (15.04), Mielec (15.04), Lesko (7.04) oraz Brzozowie (28.04).<\/p>\n\n\n\n<p>Celem inicjatywy jest budowanie partnerstw lokalnych na rzecz aktywizacji rynk\u00f3w pracy, promowanie idei uczenia si\u0119 przez ca\u0142e \u017cycie oraz integracja \u015brodowisk edukacyjnych, instytucji rynku pracy, pracodawc\u00f3w i decydent\u00f3w regionalnych. Dzia\u0142ania te koncentruj\u0105 si\u0119 wok\u00f3\u0142 tworzenia sp\u00f3jnego systemu koordynacji i monitorowania kszta\u0142cenia zawodowego, odpowiadaj\u0105cego na aktualne i przysz\u0142e potrzeby rynku pracy.<\/p>\n\n\n\n<p>Konferencje stanowi\u0142y platform\u0119 dialogu i wsp\u00f3\u0142pracy mi\u0119dzysektorowej, ukierunkowan\u0105 na wypracowanie rozwi\u0105za\u0144 zwi\u0119kszaj\u0105cych efektywno\u015b\u0107 systemu kszta\u0142cenia oraz jego lepsze dopasowanie do dynamicznie zmieniaj\u0105cych si\u0119 reali\u00f3w spo\u0142eczno-gospodarczych.<\/p>\n\n\n\n<p>Program wydarze\u0144 obejmowa\u0142 wyst\u0105pienia ekspert\u00f3w oraz panele dyskusyjne po\u015bwi\u0119cone wyzwaniom wsp\u00f3\u0142czesnego rynku pracy. Istotnym elementem by\u0142y tak\u017ce rozmowy kuluarowe, sprzyjaj\u0105ce budowaniu trwa\u0142ych relacji pomi\u0119dzy instytucjami zaanga\u017cowanymi w rozw\u00f3j edukacji i rynku pracy.<\/p>\n\n\n\n<p>W\u015br\u00f3d aktywnych uczestnik\u00f3w cyklu konferencji znalaz\u0142o si\u0119 Stowarzyszenie Wschodni Sojusz Motoryzacyjny (WSM), kt\u00f3re od lat konsekwentnie wspiera rozw\u00f3j szkolnictwa zawodowego oraz dostosowanie kompetencji kadr do potrzeb bran\u017cy motoryzacyjnej. Organizacja anga\u017cuje si\u0119 zar\u00f3wno w prace Wojew\u00f3dzki Urz\u0105d Pracy w Rzeszowie, jak i w realizacj\u0119 projekt\u00f3w ukierunkowanych na popraw\u0119 jako\u015bci kszta\u0142cenia zawodowego.<\/p>\n\n\n\n<p>Udzia\u0142 przedstawicieli WSM we wszystkich konferencjach by\u0142 wyrazem aktywnego zaanga\u017cowania Stowarzyszenia w proces budowania nowoczesnego systemu edukacji zawodowej oraz silnego partnerstwa na rzecz rozwoju regionalnego rynku pracy.<\/p>\n\n\n\n<figure class=\"wp-block-image size-large\"><img fetchpriority=\"high\" decoding=\"async\" width=\"1024\" height=\"605\" src=\"https:\/\/eaa-wsm.pl\/wp-content\/uploads\/2026\/04\/20260415_104124-1024x605.jpg\" alt=\"\" class=\"wp-image-3363\" srcset=\"https:\/\/eaa-wsm.pl\/wp-content\/uploads\/2026\/04\/20260415_104124-1024x605.jpg 1024w, https:\/\/eaa-wsm.pl\/wp-content\/uploads\/2026\/04\/20260415_104124-300x177.jpg 300w, https:\/\/eaa-wsm.pl\/wp-content\/uploads\/2026\/04\/20260415_104124-768x454.jpg 768w, https:\/\/eaa-wsm.pl\/wp-content\/uploads\/2026\/04\/20260415_104124-600x355.jpg 600w, https:\/\/eaa-wsm.pl\/wp-content\/uploads\/2026\/04\/20260415_104124-1536x908.jpg 1536w, https:\/\/eaa-wsm.pl\/wp-content\/uploads\/2026\/04\/20260415_104124-2048x1210.jpg 2048w\" sizes=\"(max-width: 1024px) 100vw, 1024px\" \/><\/figure>\n\n\n\n<figure class=\"wp-block-image size-large\"><img decoding=\"async\" width=\"1024\" height=\"561\" src=\"https:\/\/eaa-wsm.pl\/wp-content\/uploads\/2026\/04\/IMG_7578-1024x561.jpeg\" alt=\"\" class=\"wp-image-3364\" srcset=\"https:\/\/eaa-wsm.pl\/wp-content\/uploads\/2026\/04\/IMG_7578-1024x561.jpeg 1024w, https:\/\/eaa-wsm.pl\/wp-content\/uploads\/2026\/04\/IMG_7578-300x164.jpeg 300w, https:\/\/eaa-wsm.pl\/wp-content\/uploads\/2026\/04\/IMG_7578-768x421.jpeg 768w, https:\/\/eaa-wsm.pl\/wp-content\/uploads\/2026\/04\/IMG_7578-600x329.jpeg 600w, https:\/\/eaa-wsm.pl\/wp-content\/uploads\/2026\/04\/IMG_7578-1536x841.jpeg 1536w, https:\/\/eaa-wsm.pl\/wp-content\/uploads\/2026\/04\/IMG_7578-2048x1122.jpeg 2048w\" sizes=\"(max-width: 1024px) 100vw, 1024px\" \/><\/figure>\n\n\n\n<figure class=\"wp-block-image size-large\"><img decoding=\"async\" width=\"1024\" height=\"605\" src=\"https:\/\/eaa-wsm.pl\/wp-content\/uploads\/2026\/04\/IMG_7614-1024x605.jpeg\" alt=\"\" class=\"wp-image-3365\" srcset=\"https:\/\/eaa-wsm.pl\/wp-content\/uploads\/2026\/04\/IMG_7614-1024x605.jpeg 1024w, https:\/\/eaa-wsm.pl\/wp-content\/uploads\/2026\/04\/IMG_7614-300x177.jpeg 300w, https:\/\/eaa-wsm.pl\/wp-content\/uploads\/2026\/04\/IMG_7614-768x454.jpeg 768w, https:\/\/eaa-wsm.pl\/wp-content\/uploads\/2026\/04\/IMG_7614-600x355.jpeg 600w, https:\/\/eaa-wsm.pl\/wp-content\/uploads\/2026\/04\/IMG_7614-1536x908.jpeg 1536w, https:\/\/eaa-wsm.pl\/wp-content\/uploads\/2026\/04\/IMG_7614-2048x1210.jpeg 2048w\" sizes=\"(max-width: 1024px) 100vw, 1024px\" \/><\/figure>\n","protected":false},"excerpt":{"rendered":"<p>Budowa skutecznego systemu koordynacji i monitorowania regionalnych dzia\u0142a\u0144 na rzecz kszta\u0142cenia zawodowego, szkolnictwa wy\u017cszego oraz uczenia si\u0119 przez ca\u0142e \u017cycie by\u0142a g\u0142\u00f3wnym tematem cyklu konferencji zorganizowanych w kwietniu przez Wojew\u00f3dzki Urz\u0105d Pracy w Rzeszowie. Do wsp\u00f3\u0142tworzenia wydarze\u0144 zaproszono lokalne samorz\u0105dy oraz organizacje otoczenia biznesu, adekwatnie do miejsca organizacji spotka\u0144 \u2013 w Tarnobrzeg (15.04), Mielec (15.04), <a href=\"https:\/\/eaa-wsm.pl\/index.php\/2026\/04\/29\/troska-o-poziom-szkolnictwa-zawodowego-tematem-cyklu-konferencji-organizowanych-przez-wojewodzki-urzad-pracy-w-rzeszowie\/\" rel=\"nofollow\"><span class=\"sr-only\">Read more about Troska o poziom szkolnictwa zawodowego tematem cyklu konferencji organizowanych przez Wojew\u00f3dzki Urz\u0105d Pracy w Rzeszowie<\/span>[&hellip;]<\/a><\/p>\n","protected":false},"author":2,"featured_media":3363,"comment_status":"closed","ping_status":"open","sticky":false,"template":"","format":"standard","meta":{"footnotes":""},"categories":[17],"tags":[],"class_list":["post-3362","post","type-post","status-publish","format-standard","has-post-thumbnail","hentry","category-aktualnosci"],"views":8,"jetpack_featured_media_url":"https:\/\/eaa-wsm.pl\/wp-content\/uploads\/2026\/04\/20260415_104124-scaled.jpg","_links":{"self":[{"href":"https:\/\/eaa-wsm.pl\/index.php\/wp-json\/wp\/v2\/posts\/3362","targetHints":{"allow":["GET"]}}],"collection":[{"href":"https:\/\/eaa-wsm.pl\/index.php\/wp-json\/wp\/v2\/posts"}],"about":[{"href":"https:\/\/eaa-wsm.pl\/index.php\/wp-json\/wp\/v2\/types\/post"}],"author":[{"embeddable":true,"href":"https:\/\/eaa-wsm.pl\/index.php\/wp-json\/wp\/v2\/users\/2"}],"replies":[{"embeddable":true,"href":"https:\/\/eaa-wsm.pl\/index.php\/wp-json\/wp\/v2\/comments?post=3362"}],"version-history":[{"count":2,"href":"https:\/\/eaa-wsm.pl\/index.php\/wp-json\/wp\/v2\/posts\/3362\/revisions"}],"predecessor-version":[{"id":3367,"href":"https:\/\/eaa-wsm.pl\/index.php\/wp-json\/wp\/v2\/posts\/3362\/revisions\/3367"}],"wp:featuredmedia":[{"embeddable":true,"href":"https:\/\/eaa-wsm.pl\/index.php\/wp-json\/wp\/v2\/media\/3363"}],"wp:attachment":[{"href":"https:\/\/eaa-wsm.pl\/index.php\/wp-json\/wp\/v2\/media?parent=3362"}],"wp:term":[{"taxonomy":"category","embeddable":true,"href":"https:\/\/eaa-wsm.pl\/index.php\/wp-json\/wp\/v2\/categories?post=3362"},{"taxonomy":"post_tag","embeddable":true,"href":"https:\/\/eaa-wsm.pl\/index.php\/wp-json\/wp\/v2\/tags?post=3362"}],"curies":[{"name":"wp","href":"https:\/\/api.w.org\/{rel}","templated":true}]}}