{"id":442,"date":"2017-11-27T09:27:00","date_gmt":"2017-11-27T08:27:00","guid":{"rendered":"http:\/\/eaa.sh176688.website.pl\/?p=442"},"modified":"2020-01-31T13:38:36","modified_gmt":"2020-01-31T12:38:36","slug":"w-motoryzacji-wazny-jest-sojusz-viii-gala-vip-biznesstyl","status":"publish","type":"post","link":"https:\/\/eaa-wsm.pl\/index.php\/2017\/11\/27\/w-motoryzacji-wazny-jest-sojusz-viii-gala-vip-biznesstyl\/","title":{"rendered":",,W motoryzacji wa\u017cny jest sojusz&#8221; &#8211; VIII Gala VIP Biznes&#038;Styl"},"content":{"rendered":"\n<p>Bardzo\n mi\u0142o nam poinformowa\u0107, i\u017c Prezes Wschodniego Sojuszu Motoryzacyjnego, \nPan Ryszard Jania, podczas sobotniej gali, kt\u00f3ra mia\u0142a miejsce 18 \nlistopada, odebra\u0142 nagrod\u0119 przyznawan\u0105 przez magazyn VIP \nBiznes&amp;Styl, jako ,,Najbardziej Wp\u0142ywowy Podkarpacia 2017\u201d.<\/p>\n\n\n\n<p><strong>&nbsp;&nbsp;<\/strong><strong>Presti\u017cowy\n tytu\u0142 i statuetki, s\u0142ynnego rze\u017abiarza, Macieja Syrka otrzymali: w \nkategorii VIP Kultura &#8211; Wit Karol Wojtowicz, dyrektor Muzeum-Zamku w \n\u0141a\u0144cucie; VIP Polityka &#8211; europose\u0142 Tomasz Por\u0119ba, VIP Biznes \u2013 Marta \nP\u00f3\u0142torak, prezes Marma Polskie Folie. Tytu\u0142 VIP Odkrycie Roku przyznany \nzosta\u0142 Ryszardowi Jani, prezesowi Pilkington Automotive Poland, \nwsp\u00f3\u0142tw\u00f3rcy Wschodniego Sojuszu Motoryzacyjnego. W tym roku po raz \npierwszy wr\u0119czono VIPa Honorowego. Otrzyma\u0142 go poeta \u2013 Janusz Szubera.<\/strong><\/p>\n\n\n\n<p><strong>Szczeg\u00f3\u0142ow\u0105 relacj\u0119 z wydarzenia, mo\u017cecie Pa\u0144stwo znale\u017a\u0107, klikaj\u0105c na poni\u017cszy link:<\/strong><\/p>\n\n\n\n<figure class=\"wp-block-embed\"><div class=\"wp-block-embed__wrapper\">\nhttp:\/\/www.biznesistyl.pl\/biznes\/gala-vip\/6245_.html\n<\/div><\/figure>\n\n\n\n<figure class=\"wp-block-gallery columns-1 is-cropped wp-block-gallery-1 is-layout-flex wp-block-gallery-is-layout-flex\"><ul class=\"blocks-gallery-grid\"><li class=\"blocks-gallery-item\"><figure><img fetchpriority=\"high\" decoding=\"async\" width=\"683\" height=\"1024\" src=\"https:\/\/eaa-wsm.pl\/wp-content\/uploads\/2020\/01\/36390_7K7A2196-683x1024.jpg\" alt=\"\" data-id=\"512\" data-full-url=\"https:\/\/eaa-wsm.pl\/wp-content\/uploads\/2020\/01\/36390_7K7A2196.jpg\" data-link=\"https:\/\/eaa-wsm.pl\/index.php\/2017\/11\/27\/w-motoryzacji-wazny-jest-sojusz-viii-gala-vip-biznesstyl\/36390_7k7a2196\/\" class=\"wp-image-512\" srcset=\"https:\/\/eaa-wsm.pl\/wp-content\/uploads\/2020\/01\/36390_7K7A2196-683x1024.jpg 683w, https:\/\/eaa-wsm.pl\/wp-content\/uploads\/2020\/01\/36390_7K7A2196-200x300.jpg 200w, https:\/\/eaa-wsm.pl\/wp-content\/uploads\/2020\/01\/36390_7K7A2196-768x1152.jpg 768w, https:\/\/eaa-wsm.pl\/wp-content\/uploads\/2020\/01\/36390_7K7A2196.jpg 800w\" sizes=\"(max-width: 683px) 100vw, 683px\" \/><\/figure><\/li><li class=\"blocks-gallery-item\"><figure><img decoding=\"async\" width=\"900\" height=\"600\" src=\"https:\/\/eaa-wsm.pl\/wp-content\/uploads\/2020\/01\/36508_Main-1.jpg\" alt=\"\" data-id=\"513\" data-full-url=\"https:\/\/eaa-wsm.pl\/wp-content\/uploads\/2020\/01\/36508_Main-1.jpg\" data-link=\"https:\/\/eaa-wsm.pl\/index.php\/2017\/11\/27\/w-motoryzacji-wazny-jest-sojusz-viii-gala-vip-biznesstyl\/36508_main-1\/\" class=\"wp-image-513\" srcset=\"https:\/\/eaa-wsm.pl\/wp-content\/uploads\/2020\/01\/36508_Main-1.jpg 900w, https:\/\/eaa-wsm.pl\/wp-content\/uploads\/2020\/01\/36508_Main-1-300x200.jpg 300w, https:\/\/eaa-wsm.pl\/wp-content\/uploads\/2020\/01\/36508_Main-1-768x512.jpg 768w, https:\/\/eaa-wsm.pl\/wp-content\/uploads\/2020\/01\/36508_Main-1-391x260.jpg 391w, https:\/\/eaa-wsm.pl\/wp-content\/uploads\/2020\/01\/36508_Main-1-750x500.jpg 750w\" sizes=\"(max-width: 900px) 100vw, 900px\" \/><\/figure><\/li><\/ul><\/figure>\n","protected":false},"excerpt":{"rendered":"<p>Bardzo mi\u0142o nam poinformowa\u0107, i\u017c Prezes Wschodniego Sojuszu Motoryzacyjnego, Pan Ryszard Jania, podczas sobotniej gali, kt\u00f3ra mia\u0142a miejsce 18 listopada, odebra\u0142 nagrod\u0119 przyznawan\u0105 przez magazyn VIP Biznes&amp;Styl, jako ,,Najbardziej Wp\u0142ywowy Podkarpacia 2017\u201d. &nbsp;&nbsp;Presti\u017cowy tytu\u0142 i statuetki, s\u0142ynnego rze\u017abiarza, Macieja Syrka otrzymali: w kategorii VIP Kultura &#8211; Wit Karol Wojtowicz, dyrektor Muzeum-Zamku w \u0141a\u0144cucie; VIP Polityka <a href=\"https:\/\/eaa-wsm.pl\/index.php\/2017\/11\/27\/w-motoryzacji-wazny-jest-sojusz-viii-gala-vip-biznesstyl\/\" rel=\"nofollow\"><span class=\"sr-only\">Read more about ,,W motoryzacji wa\u017cny jest sojusz&#8221; &#8211; VIII Gala VIP Biznes&#038;Styl<\/span>[&hellip;]<\/a><\/p>\n","protected":false},"author":1,"featured_media":443,"comment_status":"closed","ping_status":"open","sticky":false,"template":"","format":"standard","meta":{"footnotes":""},"categories":[17],"tags":[],"class_list":["post-442","post","type-post","status-publish","format-standard","has-post-thumbnail","hentry","category-aktualnosci"],"views":1561,"jetpack_featured_media_url":"https:\/\/eaa-wsm.pl\/wp-content\/uploads\/2020\/01\/36508_Main.jpg","_links":{"self":[{"href":"https:\/\/eaa-wsm.pl\/index.php\/wp-json\/wp\/v2\/posts\/442","targetHints":{"allow":["GET"]}}],"collection":[{"href":"https:\/\/eaa-wsm.pl\/index.php\/wp-json\/wp\/v2\/posts"}],"about":[{"href":"https:\/\/eaa-wsm.pl\/index.php\/wp-json\/wp\/v2\/types\/post"}],"author":[{"embeddable":true,"href":"https:\/\/eaa-wsm.pl\/index.php\/wp-json\/wp\/v2\/users\/1"}],"replies":[{"embeddable":true,"href":"https:\/\/eaa-wsm.pl\/index.php\/wp-json\/wp\/v2\/comments?post=442"}],"version-history":[{"count":2,"href":"https:\/\/eaa-wsm.pl\/index.php\/wp-json\/wp\/v2\/posts\/442\/revisions"}],"predecessor-version":[{"id":514,"href":"https:\/\/eaa-wsm.pl\/index.php\/wp-json\/wp\/v2\/posts\/442\/revisions\/514"}],"wp:featuredmedia":[{"embeddable":true,"href":"https:\/\/eaa-wsm.pl\/index.php\/wp-json\/wp\/v2\/media\/443"}],"wp:attachment":[{"href":"https:\/\/eaa-wsm.pl\/index.php\/wp-json\/wp\/v2\/media?parent=442"}],"wp:term":[{"taxonomy":"category","embeddable":true,"href":"https:\/\/eaa-wsm.pl\/index.php\/wp-json\/wp\/v2\/categories?post=442"},{"taxonomy":"post_tag","embeddable":true,"href":"https:\/\/eaa-wsm.pl\/index.php\/wp-json\/wp\/v2\/tags?post=442"}],"curies":[{"name":"wp","href":"https:\/\/api.w.org\/{rel}","templated":true}]}}