{"id":891,"date":"2020-10-07T09:35:00","date_gmt":"2020-10-07T07:35:00","guid":{"rendered":"http:\/\/eaa-wsm.pl\/?p=891"},"modified":"2020-10-12T10:07:33","modified_gmt":"2020-10-12T08:07:33","slug":"branza-mocno-ucierpiala-na-pandemii-prezes-klastra-wsm-gosciem-panelu-otwierajacego-virtual-expo-2020","status":"publish","type":"post","link":"https:\/\/eaa-wsm.pl\/index.php\/2020\/10\/07\/branza-mocno-ucierpiala-na-pandemii-prezes-klastra-wsm-gosciem-panelu-otwierajacego-virtual-expo-2020\/","title":{"rendered":"&#8222;Bran\u017ca mocno ucierpia\u0142a na pandemii&#8221; &#8211; Prezes Klastra WSM go\u015bciem panelu otwieraj\u0105cego Virtual Expo 2020"},"content":{"rendered":"\n<p style=\"text-align: justify;\">Virtual Expo to wydarzenie hybrydowe, kt\u00f3re \u0142\u0105czy tradycyjny event ze spotkaniami on-line. Opr\u00f3cz wirtualnych targ\u00f3w dost\u0119pne s\u0105 r\u00f3wnie\u017c transmitowane na \u017cywo ze studia zorganizowanego w G2A Arena, dedykowane targom webinary oraz sesje Q&amp;A z udzia\u0142em zaproszonych ekspert\u00f3w.<\/p>\n<p>Go\u015b\u0107mi panelu otwieraj\u0105cego targi w dniu 6 pa\u017adziernika byli: Marsza\u0142ek Wojew\u00f3dztwa Podkarpackiego &#8211; Pan W\u0142adys\u0142aw Ortyl, Pani Alicja Duliban &#8211; Podkarpacka Izba Rolnictwa Ekologicznego, Pan <span class=\"aCOpRe\">Grzegorz Boerner &#8211; Dyrektor Biura Inwestycji i Infrastrukury w LOT Aircraft Maintenance Services <\/span>oraz Pan Ryszard Jania &#8211; Prezes Stowarzyszenia Wschodni Sojusz Motoryzacyjny. Rozmow\u0119 przeprowadzi\u0142 Pan Tomasz Lejko.<\/p>\n<p>Na stwierdzenie prowadz\u0105cego, \u017ce bran\u017ca motoryzacyjna notuje bardzo du\u017ce spadki w okresie pandemii Prezes Jania odpowiedzia\u0142: <\/p>\n<p><em>To prawda, obecno\u015b\u0107 na targach, na wirtualnym Expo ma w\u0142a\u015bciwie dwa cele: jeden cel \u2013 wzi\u0105\u0107 udzia\u0142 w eksperymencie i nie traci\u0107 kontakt\u00f3w, pokaza\u0107 \u017ce istniejemy, funkcjonujemy. Drugi cel to s\u0105 nasi cz\u0142onkowie, oni tez bezpo\u015brednio, niezale\u017cnie od stowarzyszenia bior\u0105 \u00a0udzia\u0142 w targach, w celach biznesowo-handlowych. Natomiast bran\u017ca mocno ucierpia\u0142a na pandemii.\u00a0 Je\u015bli chodzi o motoryzacj\u0119, to w drugiej po\u0142owie ubieg\u0142ego roku ju\u017c by\u0142o wida\u0107 lekki pocz\u0105tek zmian na troch\u0119 gorsz\u0105 sytuacj\u0119, pandemia tylko sporo do tego do\u0142o\u017cy\u0142a. Kwiecie\u0144 i maj to by\u0142y miesi\u0105ce bez pracy, troch\u0119 by\u0142o produkcji na rynek cz\u0119\u015bci zamiennych. Powi\u0105zania dostawc\u00f3w z odbiorcami w bran\u017cy motoryzacyjnej s\u0105 niezwykle mocne. Budowa samochodu zazwyczaj opiera si\u0119 na jednym dostawcy jednego rodzaju komponent\u00f3w, b\u0105d\u017a dw\u00f3ch. Przy tak \u015bwiatowym zasi\u0119gu pandemii efekt by\u0142 widoczny i patrz\u0105c na dzisiejsza sytuacje oczywi\u015bcie je\u015bli por\u00f3wnujemy j\u0105 do kwietnia czy maja, to jest to znacznie inna sytuacja &#8211; du\u017co lepsza sytuacja i wida\u0107, \u017ce sprzeda\u017c ruszy\u0142a, produkcja ruszy\u0142a i te \u0142a\u0144cuchy dostaw funkcjonuj\u0105, ale to s\u0105 bardzo kruche \u0142a\u0144cuchy dostaw niestety.<\/em><\/p>\n\n\n\n<figure class=\"wp-block-image size-large\"><img fetchpriority=\"high\" decoding=\"async\" width=\"960\" height=\"640\" src=\"https:\/\/eaa-wsm.pl\/wp-content\/uploads\/2020\/10\/RJ.jpg\" alt=\"\" class=\"wp-image-892\" srcset=\"https:\/\/eaa-wsm.pl\/wp-content\/uploads\/2020\/10\/RJ.jpg 960w, https:\/\/eaa-wsm.pl\/wp-content\/uploads\/2020\/10\/RJ-300x200.jpg 300w, https:\/\/eaa-wsm.pl\/wp-content\/uploads\/2020\/10\/RJ-768x512.jpg 768w, https:\/\/eaa-wsm.pl\/wp-content\/uploads\/2020\/10\/RJ-391x260.jpg 391w, https:\/\/eaa-wsm.pl\/wp-content\/uploads\/2020\/10\/RJ-600x400.jpg 600w, https:\/\/eaa-wsm.pl\/wp-content\/uploads\/2020\/10\/RJ-750x500.jpg 750w\" sizes=\"(max-width: 960px) 100vw, 960px\" \/><figcaption>Ryszard Jania &#8211; Prezes Stowarzyszenia Wschodni Sojusz Motoryzacyjny<br>\u017ar\u00f3d\u0142o: https:\/\/www.facebook.com\/PodkarpackieVirtualExpo\/photos\/pcb.155700352634698\/155699559301444\/?type=3&amp;theater<\/figcaption><\/figure>\n\n\n\n<p>TL: Sytuacja ca\u0142y czas jest niepewna dla pana bran\u017cy<\/p>\n\n\n\n<p>RJ: <em>To prawda, tzn je\u015bli chodzi o rynek to przewidywania s\u0105 takie, \u017ce b\u0119dzie si\u0119 utrzymywa\u0142a sytuacja taka jaka jest w tej chwili, czyli mo\u017cna powiedzie\u0107 na poziomie ok. 75% sprzeda\u017cy tego co by\u0142o w 2018 roku. Natomiast du\u017cym zagro\u017ceniem jest powr\u00f3t ognisk pandemicznych i bardzo dbamy o to w naszych zak\u0142adach, \u017ceby nasi pracownicy i na miejscu byli odpowiednio zabezpieczeni, ale tez poza miejscem pracy, w \u015brodowiskach w kt\u00f3rych przebywaj\u0105. Zwracamy na to uwag\u0119, apelujemy o to, dajemy ro\u017cne mo\u017cliwo\u015bci korzystania z tych dodatkowych zabezpiecze\u0144. Je\u015bli by si\u0119 to powt\u00f3rzy\u0142o to faktycznie wystarczy jeden zak\u0142ad, czy jedna linia w zak\u0142adzie i zatrzymuje si\u0119 \u0142a\u0144cuch dostaw.<\/em><\/p>\n\n\n\n<p>TL: Jakie zabiegi musieli\u015bcie Pa\u0144stwo przygotowa\u0107, aby odnale\u017a\u0107 si\u0119 w wirtualnej rzeczywisto\u015bci, zaprezentowa\u0107 si\u0119 odpowiednio podczas targ\u00f3w?<\/p>\n\n\n\n<p>RJ:<em> Oczywi\u015bcie strona techniczna musi funkcjonowa\u0107 &#8211; doposa\u017cenie samego Stowarzyszenia w odpowiedni sprz\u0119t, kamery, studio. To trzeba by\u0142o zrobi\u0107 i to funkcjonuje. Natomiast oczywi\u015bcie jest jeszcze druga strona czyli te materia\u0142y kt\u00f3rymi dysponujemy, digitalizacja, katalogi w formie elektronicznej to wszystko jest dost\u0119pne w tej chwili na Expo 2020. <\/em><\/p>\n\n\n\n<p>TL: Podsumowuj\u0105c (&#8230;) na jakie efekty Pa\u0144stwo liczycie? Co b\u0119dzie warto\u015bci\u0105 dodan\u0105, \u017ce po tych trzech dniach obecno\u015bci w tej wirtualnej rzeczywisto\u015bci podkarpackiej Virtual Expo, b\u0119dziecie w stanie powiedzie\u0107 &#8222;warto by\u0142o&#8221;?<\/p>\n\n\n\n<p>RJ: <em>My jeste\u015bmy stosunkowo m\u0142odym stowarzyszaniem, istniejemy 5 lat i ca\u0142y czas si\u0119 rozwijamy, pomimo tego \u017ce obroty naszych firm to jest ponad 10 mld z\u0142otych i 15 tys pracownik\u00f3w. Liczymy na to, \u017ce b\u0119dziemy mie\u0107 r\u00f3wnie\u017c nowych cz\u0142onk\u00f3w i b\u0119dziemy si\u0119 dalej rozwija\u0107, st\u0105d obecno\u015b\u0107 Stowarzyszenia tutaj. Natomiast je\u015bli m\u00f3wimy o naszych Cz\u0142onkach to jest to kwesta promocji ich produkt\u00f3w i ich dzia\u0142alno\u015bci, pokazania tego \u017ce motoryzacja na Podkarpaciu jest siln\u0105 bran\u017c\u0105 i ze ma du\u017cy potencja\u0142.<\/em> \u00a0<\/p>\n\n\n\n<p><\/p>\n\n\n\n<p>Materia\u0142 dost\u0119pny jest pod adresem: <\/p>\n\n\n\n<p><a href=\"https:\/\/www.facebook.com\/PodkarpackieVirtualExpo\/videos\/338590210705601\/\">https:\/\/www.facebook.com\/PodkarpackieVirtualExpo\/videos\/338590210705601\/<\/a><\/p>\n","protected":false},"excerpt":{"rendered":"<p>Virtual Expo to wydarzenie hybrydowe, kt\u00f3re \u0142\u0105czy tradycyjny event ze spotkaniami on-line. Opr\u00f3cz wirtualnych targ\u00f3w dost\u0119pne s\u0105 r\u00f3wnie\u017c transmitowane na \u017cywo ze studia zorganizowanego w G2A Arena, dedykowane targom webinary oraz sesje Q&amp;A z udzia\u0142em zaproszonych ekspert\u00f3w. Go\u015b\u0107mi panelu otwieraj\u0105cego targi w dniu 6 pa\u017adziernika byli: Marsza\u0142ek Wojew\u00f3dztwa Podkarpackiego &#8211; Pan W\u0142adys\u0142aw Ortyl, Pani Alicja <a href=\"https:\/\/eaa-wsm.pl\/index.php\/2020\/10\/07\/branza-mocno-ucierpiala-na-pandemii-prezes-klastra-wsm-gosciem-panelu-otwierajacego-virtual-expo-2020\/\" rel=\"nofollow\"><span class=\"sr-only\">Read more about &#8222;Bran\u017ca mocno ucierpia\u0142a na pandemii&#8221; &#8211; Prezes Klastra WSM go\u015bciem panelu otwieraj\u0105cego Virtual Expo 2020<\/span>[&hellip;]<\/a><\/p>\n","protected":false},"author":2,"featured_media":892,"comment_status":"closed","ping_status":"open","sticky":false,"template":"","format":"standard","meta":{"footnotes":""},"categories":[17],"tags":[],"class_list":["post-891","post","type-post","status-publish","format-standard","has-post-thumbnail","hentry","category-aktualnosci"],"views":1580,"jetpack_featured_media_url":"https:\/\/eaa-wsm.pl\/wp-content\/uploads\/2020\/10\/RJ.jpg","_links":{"self":[{"href":"https:\/\/eaa-wsm.pl\/index.php\/wp-json\/wp\/v2\/posts\/891","targetHints":{"allow":["GET"]}}],"collection":[{"href":"https:\/\/eaa-wsm.pl\/index.php\/wp-json\/wp\/v2\/posts"}],"about":[{"href":"https:\/\/eaa-wsm.pl\/index.php\/wp-json\/wp\/v2\/types\/post"}],"author":[{"embeddable":true,"href":"https:\/\/eaa-wsm.pl\/index.php\/wp-json\/wp\/v2\/users\/2"}],"replies":[{"embeddable":true,"href":"https:\/\/eaa-wsm.pl\/index.php\/wp-json\/wp\/v2\/comments?post=891"}],"version-history":[{"count":7,"href":"https:\/\/eaa-wsm.pl\/index.php\/wp-json\/wp\/v2\/posts\/891\/revisions"}],"predecessor-version":[{"id":900,"href":"https:\/\/eaa-wsm.pl\/index.php\/wp-json\/wp\/v2\/posts\/891\/revisions\/900"}],"wp:featuredmedia":[{"embeddable":true,"href":"https:\/\/eaa-wsm.pl\/index.php\/wp-json\/wp\/v2\/media\/892"}],"wp:attachment":[{"href":"https:\/\/eaa-wsm.pl\/index.php\/wp-json\/wp\/v2\/media?parent=891"}],"wp:term":[{"taxonomy":"category","embeddable":true,"href":"https:\/\/eaa-wsm.pl\/index.php\/wp-json\/wp\/v2\/categories?post=891"},{"taxonomy":"post_tag","embeddable":true,"href":"https:\/\/eaa-wsm.pl\/index.php\/wp-json\/wp\/v2\/tags?post=891"}],"curies":[{"name":"wp","href":"https:\/\/api.w.org\/{rel}","templated":true}]}}